{"id":433,"date":"2015-01-29T16:50:14","date_gmt":"2015-01-29T16:50:14","guid":{"rendered":"http:\/\/bahnblitze.de\/test\/?p=433"},"modified":"2015-01-29T16:50:14","modified_gmt":"2015-01-29T16:50:14","slug":"bochum-praesident-und-opel-werk-i-bochum","status":"publish","type":"post","link":"http:\/\/bahnblitze.de\/?p=433","title":{"rendered":"Bochum Pr\u00e4sident und Opel Werk I Bochum"},"content":{"rendered":"<div id=\"maxgallery-426\" class=\"mg-image-tiles standard\">\t<div class=\"mg-thumbs mg-fivecol\">\t\t<ul><li>\t<a class='lightbox-426' href='http:\/\/bahnblitze.de\/wp-content\/uploads\/2015\/01\/12.png'  title='' aria-haspopup='dialog'  >\t\t<div class=\"\"><img loading=\"lazy\" decoding=\"async\" class=\"\" src=\"http:\/\/bahnblitze.de\/wp-content\/uploads\/2015\/01\/12-200x200.png\" width=\"200\" height=\"200\" alt=\"\" title=\"1\" \/>\t\t<\/div>\t<\/a>\t<p class=\"caption below\"><\/p><\/li><li>\t<a class='lightbox-426' href='http:\/\/bahnblitze.de\/wp-content\/uploads\/2015\/01\/21.png'  title='' aria-haspopup='dialog'  >\t\t<div class=\"\"><img loading=\"lazy\" decoding=\"async\" class=\"\" src=\"http:\/\/bahnblitze.de\/wp-content\/uploads\/2015\/01\/21-200x200.png\" width=\"200\" height=\"200\" alt=\"\" title=\"2\" \/>\t\t<\/div>\t<\/a>\t<p class=\"caption below\"><\/p><\/li><li>\t<a class='lightbox-426' href='http:\/\/bahnblitze.de\/wp-content\/uploads\/2015\/01\/32.png'  title='' aria-haspopup='dialog'  >\t\t<div class=\"\"><img loading=\"lazy\" decoding=\"async\" class=\"\" src=\"http:\/\/bahnblitze.de\/wp-content\/uploads\/2015\/01\/32-200x200.png\" width=\"200\" height=\"200\" alt=\"\" title=\"3\" \/>\t\t<\/div>\t<\/a>\t<p class=\"caption below\"><\/p><\/li>\t\t<\/ul>\t\t<div class=\"clear\"><\/div>\t<\/div>\t<span style=\"display: none;\" class=\"hidden-image-tiles-gallery-id\">426<\/span>\t<span style=\"display: none;\" class=\"hidden-lightbox-skin\">none<\/span>\t<span style=\"display: none;\" class=\"hidden-lightbox-effect\">none<\/span>\t<span style=\"display: none;\" class=\"hidden-lightbox-kb-nav\">true<\/span>\t<span style=\"display: none;\" class=\"hidden-lightbox-img-click-close\">true<\/span>\t<span style=\"display: none;\" class=\"hidden-lightbox-ol-click-close\">true<\/span>\t<span style=\"display: none;\" class=\"hidden-lightbox-close-tip-text\">Close<\/span>\t<span style=\"display: none;\" class=\"hidden-lightbox-next-tip-text\">Next<\/span>\t<span style=\"display: none;\" class=\"hidden-lightbox-prev-tip-text\">Previous<\/span>\t<span style=\"display: none;\" class=\"hidden-lightbox-error-tip-text\">The requested content cannot be loaded. Please try again later.<\/span><\/div>\n<p>Bochum gilt als gef\u00e4hrdeter Schwerindustriestandort. Bild 1 erinnert an die Schwerindustrie. \u00dcber dem Rangierbahnhof Bochum Pr\u00e4sident ragt in der Ferne der F\u00f6rderturm des Bergbaumuseum.\u00a0 Das Werk in Bochum Stahlhausen teilen sich Outukumpu (Schlie\u00dfung wahrscheinlich 2014) und Thyssenkrupp (Hintergrund Bild 2). Opel wurde bereits 2014 geschlossen. Es verbleibt nur ein Logistikstandort.<\/p>\n","protected":false},"excerpt":{"rendered":"<p>Bochum gilt als gef\u00e4hrdeter Schwerindustriestandort. Bild 1 erinnert an die Schwerindustrie. \u00dcber dem Rangierbahnhof Bochum Pr\u00e4sident ragt in der Ferne der F\u00f6rderturm des Bergbaumuseum.\u00a0 Das Werk in Bochum Stahlhausen teilen [&hellip;]<\/p>\n","protected":false},"author":1,"featured_media":0,"comment_status":"open","ping_status":"open","sticky":false,"template":"","format":"standard","meta":{"footnotes":""},"categories":[10,5],"tags":[197,195,179,178,203,198,204,200,196,201,202,199,154],"class_list":["post-433","post","type-post","status-publish","format-standard","hentry","category-10","category-eisenbahnfotos-aus-deutschland","tag-bergbaumuseum","tag-bochum","tag-captrain","tag-dortmunder-eisenbahn","tag-elektrohofen","tag-foerderturm","tag-lichtbogen","tag-outukumpu","tag-praesident","tag-stahlhausen","tag-stahlwerk","tag-thyssenkrupp","tag-werkverkehr"],"_links":{"self":[{"href":"http:\/\/bahnblitze.de\/index.php?rest_route=\/wp\/v2\/posts\/433","targetHints":{"allow":["GET"]}}],"collection":[{"href":"http:\/\/bahnblitze.de\/index.php?rest_route=\/wp\/v2\/posts"}],"about":[{"href":"http:\/\/bahnblitze.de\/index.php?rest_route=\/wp\/v2\/types\/post"}],"author":[{"embeddable":true,"href":"http:\/\/bahnblitze.de\/index.php?rest_route=\/wp\/v2\/users\/1"}],"replies":[{"embeddable":true,"href":"http:\/\/bahnblitze.de\/index.php?rest_route=%2Fwp%2Fv2%2Fcomments&post=433"}],"version-history":[{"count":1,"href":"http:\/\/bahnblitze.de\/index.php?rest_route=\/wp\/v2\/posts\/433\/revisions"}],"predecessor-version":[{"id":434,"href":"http:\/\/bahnblitze.de\/index.php?rest_route=\/wp\/v2\/posts\/433\/revisions\/434"}],"wp:attachment":[{"href":"http:\/\/bahnblitze.de\/index.php?rest_route=%2Fwp%2Fv2%2Fmedia&parent=433"}],"wp:term":[{"taxonomy":"category","embeddable":true,"href":"http:\/\/bahnblitze.de\/index.php?rest_route=%2Fwp%2Fv2%2Fcategories&post=433"},{"taxonomy":"post_tag","embeddable":true,"href":"http:\/\/bahnblitze.de\/index.php?rest_route=%2Fwp%2Fv2%2Ftags&post=433"}],"curies":[{"name":"wp","href":"https:\/\/api.w.org\/{rel}","templated":true}]}}