{"id":3962,"date":"2021-09-29T16:43:05","date_gmt":"2021-09-29T16:43:05","guid":{"rendered":"http:\/\/bahnblitze.de\/?p=3962"},"modified":"2021-09-29T16:43:12","modified_gmt":"2021-09-29T16:43:12","slug":"hafenbruecke-emden","status":"publish","type":"post","link":"http:\/\/bahnblitze.de\/?p=3962","title":{"rendered":"Hafenbr\u00fccke Emden"},"content":{"rendered":"<div id=\"maxgallery-3959\" class=\"mg-image-tiles standard\">\t<div class=\"mg-thumbs mg-onecol\">\t\t<ul><li>\t<a class='lightbox-3959' href='http:\/\/bahnblitze.de\/wp-content\/uploads\/2021\/09\/DSC1331.jpg'  title='' aria-haspopup='dialog'  >\t\t<div class=\"\"><img loading=\"lazy\" decoding=\"async\" class=\"\" src=\"http:\/\/bahnblitze.de\/wp-content\/uploads\/2021\/09\/DSC1331-700x466.jpg\" width=\"700\" height=\"466\" alt=\"\" title=\"_DSC1331\" \/>\t\t<\/div>\t<\/a>\t<p class=\"caption below\"><\/p><\/li>\t\t<\/ul>\t\t<div class=\"clear\"><\/div>\t<\/div>\t<span style=\"display: none;\" class=\"hidden-image-tiles-gallery-id\">3959<\/span>\t<span style=\"display: none;\" class=\"hidden-lightbox-skin\">none<\/span>\t<span style=\"display: none;\" class=\"hidden-lightbox-effect\">none<\/span>\t<span style=\"display: none;\" class=\"hidden-lightbox-kb-nav\">true<\/span>\t<span style=\"display: none;\" class=\"hidden-lightbox-img-click-close\">true<\/span>\t<span style=\"display: none;\" class=\"hidden-lightbox-ol-click-close\">true<\/span>\t<span style=\"display: none;\" class=\"hidden-lightbox-close-tip-text\">Close<\/span>\t<span style=\"display: none;\" class=\"hidden-lightbox-next-tip-text\">Next<\/span>\t<span style=\"display: none;\" class=\"hidden-lightbox-prev-tip-text\">Previous<\/span>\t<span style=\"display: none;\" class=\"hidden-lightbox-error-tip-text\">The requested content cannot be loaded. Please try again later.<\/span><\/div>\n<p>Ein Regionalexpress \u00fcberf\u00e4hrt die Klappbr\u00fccke \u00fcber den Hafen in Emden.<\/p>\n","protected":false},"excerpt":{"rendered":"<p>Ein Regionalexpress \u00fcberf\u00e4hrt die Klappbr\u00fccke \u00fcber den Hafen in Emden.<\/p>\n","protected":false},"author":1,"featured_media":0,"comment_status":"closed","ping_status":"closed","sticky":false,"template":"","format":"standard","meta":{"footnotes":""},"categories":[1486],"tags":[498,1560,276,1561,923],"class_list":["post-3962","post","type-post","status-publish","format-standard","hentry","category-1486","tag-bruecke","tag-emden","tag-hafen","tag-klappbruecke","tag-regionalexpress"],"_links":{"self":[{"href":"http:\/\/bahnblitze.de\/index.php?rest_route=\/wp\/v2\/posts\/3962","targetHints":{"allow":["GET"]}}],"collection":[{"href":"http:\/\/bahnblitze.de\/index.php?rest_route=\/wp\/v2\/posts"}],"about":[{"href":"http:\/\/bahnblitze.de\/index.php?rest_route=\/wp\/v2\/types\/post"}],"author":[{"embeddable":true,"href":"http:\/\/bahnblitze.de\/index.php?rest_route=\/wp\/v2\/users\/1"}],"replies":[{"embeddable":true,"href":"http:\/\/bahnblitze.de\/index.php?rest_route=%2Fwp%2Fv2%2Fcomments&post=3962"}],"version-history":[{"count":1,"href":"http:\/\/bahnblitze.de\/index.php?rest_route=\/wp\/v2\/posts\/3962\/revisions"}],"predecessor-version":[{"id":3963,"href":"http:\/\/bahnblitze.de\/index.php?rest_route=\/wp\/v2\/posts\/3962\/revisions\/3963"}],"wp:attachment":[{"href":"http:\/\/bahnblitze.de\/index.php?rest_route=%2Fwp%2Fv2%2Fmedia&parent=3962"}],"wp:term":[{"taxonomy":"category","embeddable":true,"href":"http:\/\/bahnblitze.de\/index.php?rest_route=%2Fwp%2Fv2%2Fcategories&post=3962"},{"taxonomy":"post_tag","embeddable":true,"href":"http:\/\/bahnblitze.de\/index.php?rest_route=%2Fwp%2Fv2%2Ftags&post=3962"}],"curies":[{"name":"wp","href":"https:\/\/api.w.org\/{rel}","templated":true}]}}