{"id":3899,"date":"2021-09-29T15:38:35","date_gmt":"2021-09-29T15:38:35","guid":{"rendered":"http:\/\/bahnblitze.de\/?p=3899"},"modified":"2021-09-29T15:40:31","modified_gmt":"2021-09-29T15:40:31","slug":"westerstede-und-osnabrueck","status":"publish","type":"post","link":"http:\/\/bahnblitze.de\/?p=3899","title":{"rendered":"Westerstede und Osnabr\u00fcck"},"content":{"rendered":"<div id=\"maxgallery-3888\" class=\"mg-image-tiles standard\">\t<div class=\"mg-thumbs mg-onecol\">\t\t<ul><li>\t<a class='lightbox-3888' href='http:\/\/bahnblitze.de\/wp-content\/uploads\/2021\/09\/Westerstede.jpg'  title='' aria-haspopup='dialog'  >\t\t<div class=\"\"><img loading=\"lazy\" decoding=\"async\" class=\"\" src=\"http:\/\/bahnblitze.de\/wp-content\/uploads\/2021\/09\/Westerstede-700x466.jpg\" width=\"700\" height=\"466\" alt=\"\" title=\"Westerstede\" \/>\t\t<\/div>\t<\/a><\/li><li>\t<a class='lightbox-3888' href='http:\/\/bahnblitze.de\/wp-content\/uploads\/2021\/09\/Bremen1.jpg'  title='' aria-haspopup='dialog'  >\t\t<div class=\"\"><img loading=\"lazy\" decoding=\"async\" class=\"\" src=\"http:\/\/bahnblitze.de\/wp-content\/uploads\/2021\/09\/Bremen1-700x466.jpg\" width=\"700\" height=\"466\" alt=\"\" title=\"Bremen1\" \/>\t\t<\/div>\t<\/a><\/li><li>\t<a class='lightbox-3888' href='http:\/\/bahnblitze.de\/wp-content\/uploads\/2021\/09\/Bremen2.jpg'  title='' aria-haspopup='dialog'  >\t\t<div class=\"\"><img loading=\"lazy\" decoding=\"async\" class=\"\" src=\"http:\/\/bahnblitze.de\/wp-content\/uploads\/2021\/09\/Bremen2-700x466.jpg\" width=\"700\" height=\"466\" alt=\"\" title=\"Bremen2\" \/>\t\t<\/div>\t<\/a><\/li><li>\t<a class='lightbox-3888' href='http:\/\/bahnblitze.de\/wp-content\/uploads\/2021\/09\/Bremen-Bahnhofsvorplatz1.jpg'  title='' aria-haspopup='dialog'  >\t\t<div class=\"\"><img loading=\"lazy\" decoding=\"async\" class=\"\" src=\"http:\/\/bahnblitze.de\/wp-content\/uploads\/2021\/09\/Bremen-Bahnhofsvorplatz1-700x466.jpg\" width=\"700\" height=\"466\" alt=\"\" title=\"Bremen Bahnhofsvorplatz1\" \/>\t\t<\/div>\t<\/a><\/li><li>\t<a class='lightbox-3888' href='http:\/\/bahnblitze.de\/wp-content\/uploads\/2021\/09\/Bremen-Bahnhofsvorplatz2.jpg'  title='' aria-haspopup='dialog'  >\t\t<div class=\"\"><img loading=\"lazy\" decoding=\"async\" class=\"\" src=\"http:\/\/bahnblitze.de\/wp-content\/uploads\/2021\/09\/Bremen-Bahnhofsvorplatz2-700x466.jpg\" width=\"700\" height=\"466\" alt=\"\" title=\"Bremen Bahnhofsvorplatz2\" \/>\t\t<\/div>\t<\/a><\/li><li>\t<a class='lightbox-3888' href='http:\/\/bahnblitze.de\/wp-content\/uploads\/2021\/09\/Osnabr\u00fcck1.jpg'  title='' aria-haspopup='dialog'  >\t\t<div class=\"\"><img loading=\"lazy\" decoding=\"async\" class=\"\" src=\"http:\/\/bahnblitze.de\/wp-content\/uploads\/2021\/09\/Osnabr\u00fcck1-700x466.jpg\" width=\"700\" height=\"466\" alt=\"\" title=\"Osnabr\u00fcck1\" \/>\t\t<\/div>\t<\/a><\/li><li>\t<a class='lightbox-3888' href='http:\/\/bahnblitze.de\/wp-content\/uploads\/2021\/09\/Osnabr\u00fcck2.jpg'  title='' aria-haspopup='dialog'  >\t\t<div class=\"\"><img loading=\"lazy\" decoding=\"async\" class=\"\" src=\"http:\/\/bahnblitze.de\/wp-content\/uploads\/2021\/09\/Osnabr\u00fcck2-700x466.jpg\" width=\"700\" height=\"466\" alt=\"\" title=\"Osnabr\u00fcck2\" \/>\t\t<\/div>\t<\/a><\/li>\t\t<\/ul>\t\t<div class=\"clear\"><\/div>\t<\/div>\t<span style=\"display: none;\" class=\"hidden-image-tiles-gallery-id\">3888<\/span>\t<span style=\"display: none;\" class=\"hidden-lightbox-skin\"><\/span>\t<span style=\"display: none;\" class=\"hidden-lightbox-effect\"><\/span>\t<span style=\"display: none;\" class=\"hidden-lightbox-kb-nav\">false<\/span>\t<span style=\"display: none;\" class=\"hidden-lightbox-img-click-close\">false<\/span>\t<span style=\"display: none;\" class=\"hidden-lightbox-ol-click-close\">false<\/span>\t<span style=\"display: none;\" class=\"hidden-lightbox-close-tip-text\"><\/span>\t<span style=\"display: none;\" class=\"hidden-lightbox-next-tip-text\"><\/span>\t<span style=\"display: none;\" class=\"hidden-lightbox-prev-tip-text\"><\/span>\t<span style=\"display: none;\" class=\"hidden-lightbox-error-tip-text\"><\/span><\/div>\n<p>Vom 07. bis zum 09.08.2021 ging es f\u00fcr das gesamte Bahnblitze-Team in den Raum Osnabr\u00fcck.<br \/>\nZun\u00e4chst wurde Stellung in Westerstede bezogen (Bild1). Es folgte ein Aufenthalt in Bremen (Bild 2- 5) und Osnabr\u00fcck.<\/p>\n","protected":false},"excerpt":{"rendered":"<p>Vom 07. bis zum 09.08.2021 ging es f\u00fcr das gesamte Bahnblitze-Team in den Raum Osnabr\u00fcck. Zun\u00e4chst wurde Stellung in Westerstede bezogen (Bild1). Es folgte ein Aufenthalt in Bremen (Bild 2- [&hellip;]<\/p>\n","protected":false},"author":1,"featured_media":0,"comment_status":"closed","ping_status":"closed","sticky":false,"template":"","format":"standard","meta":{"footnotes":""},"categories":[1486,5],"tags":[1547,1189,1546,19,277,106,1545],"class_list":["post-3899","post","type-post","status-publish","format-standard","hentry","category-1486","category-eisenbahnfotos-aus-deutschland","tag-bahnhofsvorplatz","tag-bremen","tag-doppelstock-bahnhof","tag-eisenbahn","tag-hafenbahn","tag-osnabrueck","tag-westerstede"],"_links":{"self":[{"href":"http:\/\/bahnblitze.de\/index.php?rest_route=\/wp\/v2\/posts\/3899","targetHints":{"allow":["GET"]}}],"collection":[{"href":"http:\/\/bahnblitze.de\/index.php?rest_route=\/wp\/v2\/posts"}],"about":[{"href":"http:\/\/bahnblitze.de\/index.php?rest_route=\/wp\/v2\/types\/post"}],"author":[{"embeddable":true,"href":"http:\/\/bahnblitze.de\/index.php?rest_route=\/wp\/v2\/users\/1"}],"replies":[{"embeddable":true,"href":"http:\/\/bahnblitze.de\/index.php?rest_route=%2Fwp%2Fv2%2Fcomments&post=3899"}],"version-history":[{"count":2,"href":"http:\/\/bahnblitze.de\/index.php?rest_route=\/wp\/v2\/posts\/3899\/revisions"}],"predecessor-version":[{"id":3901,"href":"http:\/\/bahnblitze.de\/index.php?rest_route=\/wp\/v2\/posts\/3899\/revisions\/3901"}],"wp:attachment":[{"href":"http:\/\/bahnblitze.de\/index.php?rest_route=%2Fwp%2Fv2%2Fmedia&parent=3899"}],"wp:term":[{"taxonomy":"category","embeddable":true,"href":"http:\/\/bahnblitze.de\/index.php?rest_route=%2Fwp%2Fv2%2Fcategories&post=3899"},{"taxonomy":"post_tag","embeddable":true,"href":"http:\/\/bahnblitze.de\/index.php?rest_route=%2Fwp%2Fv2%2Ftags&post=3899"}],"curies":[{"name":"wp","href":"https:\/\/api.w.org\/{rel}","templated":true}]}}